[{"command":"openDialog","selector":"#drupal-modal","settings":null,"data":"\u003Cdiv lang=\u0022de\u0022 class=\u0022my-5 node-event--teaser\u0022\u003E\n  \u003Cdiv class=\u0022row m-0\u0022\u003E\n    \u003Cdiv class=\u0022col-lg-3 col-md-6 mb-4 mb-md-0\u0022\u003E\n      \u003Cdiv class=\u0022card\u0022 style=\u0022background-image: url(\/sites\/default\/files\/2026-08\/air-2025_shop-visual_fuer_oeffentliche_fuehrungen_004.jpg);background-size: contain;background-repeat: no-repeat;background-position-y: 0;background-position-y: 1rem;background-position-x: 1rem;\u0022\u003E\n      \u003C\/div\u003E\n    \u003C\/div\u003E\n\n    \u003Cdiv class=\u0022col-lg-9 col-md-6 py-3 ml-3 ml-sm-0\u0022\u003E\n\n      \u003Ch3 class=\u0022text-secondary\u0022\u003E\n        \n        \n\u003Cspan\u003EArch\u00e4ologie im Rheinland\u003C\/span\u003E\n\n        \n      \u003C\/h3\u003E\n      \u003Cdiv style=\u0022margin-bottom: 10px;\u0022 class=\u0022events--text\u0022\u003E\n                          \n                        \u003Cp\u003EAusstellung vom 27. September 2026 bis 3. Januar 2027\u003C\/p\u003E\n\u003Cp\u003EDie Wanderausstellung pr\u00e4sentiert arch\u00e4ologische Highlights des Jahres 2025, j\u00fcngste Forschungsergebnisse und Neufunde der vergangenen Jahre aus dem Rheinland, die erstmalig \u00f6ffentlich zu sehen sind. Gewinnen Sie faszinierende Einblicke in die Vergangenheit des Rheinlandes und erfahren Sie mehr \u00fcber das Leben vor Jahrmillionen, den Alltag r\u00f6mischer Legion\u00e4re oder die Glaubensvorstellungen des Mittelalters.\u003C\/p\u003E\n\n            \n              \u003C\/div\u003E\n\n      \u003Cdiv class=\u0022row m-0\u0022\u003E\n        \u003Cdiv class=\u0022col-lg-6 mb-4 mb-lg-0\u0022 style=\u0022padding-left: 0px\u0022\u003E\n          \u003Cdiv class=\u0022paragraph-ueberschrift\u0022\u003EAdresse:\u003C\/div\u003E\n          \n                        \u003Cdiv class=\u0022field-address\u0022\u003E\u003Cp class=\u0022address\u0022 translate=\u0022no\u0022\u003E\u003Cspan class=\u0022organization\u0022\u003ELVR-Arch\u00e4ologischer Park Xanten \/ LVR-R\u00f6merMuseum\u003C\/span\u003E\u003Cbr\u003E\n\u003Cspan class=\u0022address-line1\u0022\u003ETrajanstra\u00dfe 10\u003C\/span\u003E\u003Cbr\u003E\n\u003Cspan class=\u0022postal-code\u0022\u003E46509\u003C\/span\u003E \u003Cspan class=\u0022locality\u0022\u003EXanten\u003C\/span\u003E\u003Cbr\u003E\n\u003Cspan class=\u0022country\u0022\u003EDeutschland\u003C\/span\u003E\u003C\/p\u003E\u003C\/div\u003E\n            \n          \u003Cp style=\u0022margin-block-end: 1em\u0022\u003E\u003C\/p\u003E\n                    \u003Cdiv class=\u0022paragraph-ueberschrift\u0022\u003EVeranstalter:\u003C\/div\u003E\n          \u003Cstyle\u003E\n            .address-veranstalter .country, .address-veranstalter .address-line1, .address-veranstalter .locality, .address-veranstalter .postal-code {\n              display: none;\n            }\n            .address {\n              margin-block-end: 0;\n            }\n          \u003C\/style\u003E\n          \u003Cdiv class=\u0022address-veranstalter\u0022\u003E\n            \n                        \u003Cdiv class=\u0022field-veranstalter\u0022\u003E\u003Cp class=\u0022address\u0022 translate=\u0022no\u0022\u003E\u003Cspan class=\u0022organization\u0022\u003ELVR-Arch\u00e4ologischer Park Xanten \/ LVR-R\u00f6merMuseum\u003C\/span\u003E\u003Cbr\u003E\n\u003Cspan class=\u0022country\u0022\u003EDeutschland\u003C\/span\u003E\u003C\/p\u003E\u003C\/div\u003E\n            \n            \n                        \u003Cdiv class=\u0022field-kontakt\u0022\u003E02801 - 9889213 | apx@lvr.de\u003C\/div\u003E\n            \n          \u003C\/div\u003E\n          \u003Cbr \/\u003E\n          \u003Ca class=\u0022btn btn-secondary mb-2 mb-sm-0\u0022 target=\u0022_blank\u0022 title=\u0022Arch\u00e4ologie im Rheinland\u0022 href=\u0022\u0022\u003EZur Veranstalterseite\u003C\/a\u003E\n        \u003C\/div\u003E\n        \u003Cdiv class=\u0022col-lg-6\u0022 style=\u0022padding-left: 0px\u0022\u003E\n          \u003Ch3 class=\u0022text-secondary\u0022\u003E\u003Ci class=\u0022fas fa-calendar-alt\u0022\u003E\u003C\/i\u003E Termine\u003C\/h3\u003E\n          \u003Cdiv class=\u0022row\u0022\u003E\n             \n\n\n  \n        \n    \n    \u003Cdiv class=\u0022col-12 col-md-6 pb-2\u0022\u003E\n      \u003Cdiv style=\u0022font-weight: bold\u0022 class=\u0022pb-1\u0022\u003E27.09.2026\u003C\/div\u003E\n\n              \u003Cdiv class=\u0022d-flex pb-2\u0022\u003E\n          \u003Cdiv\u003E\u003Ci class=\u0022fas fa-clock\u0022\u003E\u003C\/i\u003E\u003C\/div\u003E\n          \u003Cdiv class=\u0022pl-1\u0022\u003E\u003Cdiv style=\u0022font-weight: bold\u0022 class=\u0022pb-1\u0022\u003E Uhrzeit\u003C\/div\u003E\n            \u003Cdiv\u003E09:00 - 18:00 Uhr\u003C\/div\u003E\u003C\/div\u003E\n        \u003C\/div\u003E\n      \n    \u003C\/div\u003E\n  \n        \n    \n    \u003Cdiv class=\u0022col-12 col-md-6 pb-2\u0022\u003E\n      \u003Cdiv style=\u0022font-weight: bold\u0022 class=\u0022pb-1\u0022\u003E28.09.2026\u003C\/div\u003E\n\n              \u003Cdiv class=\u0022d-flex pb-2\u0022\u003E\n          \u003Cdiv\u003E\u003Ci class=\u0022fas fa-clock\u0022\u003E\u003C\/i\u003E\u003C\/div\u003E\n          \u003Cdiv class=\u0022pl-1\u0022\u003E\u003Cdiv style=\u0022font-weight: bold\u0022 class=\u0022pb-1\u0022\u003E Uhrzeit\u003C\/div\u003E\n            \u003Cdiv\u003E09:00 - 18:00 Uhr\u003C\/div\u003E\u003C\/div\u003E\n        \u003C\/div\u003E\n      \n    \u003C\/div\u003E\n  \n        \n    \n    \u003Cdiv class=\u0022col-12 col-md-6 pb-2\u0022\u003E\n      \u003Cdiv style=\u0022font-weight: bold\u0022 class=\u0022pb-1\u0022\u003E29.09.2026\u003C\/div\u003E\n\n              \u003Cdiv class=\u0022d-flex pb-2\u0022\u003E\n          \u003Cdiv\u003E\u003Ci class=\u0022fas fa-clock\u0022\u003E\u003C\/i\u003E\u003C\/div\u003E\n          \u003Cdiv class=\u0022pl-1\u0022\u003E\u003Cdiv style=\u0022font-weight: bold\u0022 class=\u0022pb-1\u0022\u003E Uhrzeit\u003C\/div\u003E\n            \u003Cdiv\u003E09:00 - 18:00 Uhr\u003C\/div\u003E\u003C\/div\u003E\n        \u003C\/div\u003E\n      \n    \u003C\/div\u003E\n  \n        \n    \n    \u003Cdiv class=\u0022col-12 col-md-6 pb-2\u0022\u003E\n      \u003Cdiv style=\u0022font-weight: bold\u0022 class=\u0022pb-1\u0022\u003E30.09.2026\u003C\/div\u003E\n\n              \u003Cdiv class=\u0022d-flex pb-2\u0022\u003E\n          \u003Cdiv\u003E\u003Ci class=\u0022fas fa-clock\u0022\u003E\u003C\/i\u003E\u003C\/div\u003E\n          \u003Cdiv class=\u0022pl-1\u0022\u003E\u003Cdiv style=\u0022font-weight: bold\u0022 class=\u0022pb-1\u0022\u003E Uhrzeit\u003C\/div\u003E\n            \u003Cdiv\u003E09:00 - 18:00 Uhr\u003C\/div\u003E\u003C\/div\u003E\n        \u003C\/div\u003E\n      \n    \u003C\/div\u003E\n  \n        \n    \n    \u003Cdiv class=\u0022col-12 col-md-6 pb-2\u0022\u003E\n      \u003Cdiv style=\u0022font-weight: bold\u0022 class=\u0022pb-1\u0022\u003E01.10.2026\u003C\/div\u003E\n\n              \u003Cdiv class=\u0022d-flex pb-2\u0022\u003E\n          \u003Cdiv\u003E\u003Ci class=\u0022fas fa-clock\u0022\u003E\u003C\/i\u003E\u003C\/div\u003E\n          \u003Cdiv class=\u0022pl-1\u0022\u003E\u003Cdiv style=\u0022font-weight: bold\u0022 class=\u0022pb-1\u0022\u003E Uhrzeit\u003C\/div\u003E\n            \u003Cdiv\u003E09:00 - 18:00 Uhr\u003C\/div\u003E\u003C\/div\u003E\n        \u003C\/div\u003E\n      \n    \u003C\/div\u003E\n  \n\n          \u003C\/div\u003E\n          \u003C\/div\u003E\n      \u003C\/div\u003E\n    \u003C\/div\u003E\n  \u003C\/div\u003E\n\n  \n\n\u003C\/div\u003E\n","dialogOptions":{"width":"800","modal":true,"title":"Arch\u00e4ologie im Rheinland","classes":{"ui-dialog":"node-teaser-modal"}}}]